{"id":76,"date":"2016-08-28T00:32:52","date_gmt":"2016-08-28T00:32:52","guid":{"rendered":"http:\/\/villageafricain-maah.org\/en\/?p=76"},"modified":"2017-01-19T07:26:20","modified_gmt":"2017-01-19T07:26:20","slug":"de-nouveaux-locaux-pour-cible-retour-a-lemploi","status":"publish","type":"post","link":"https:\/\/villageafricain-maah.org\/en\/de-nouveaux-locaux-pour-cible-retour-a-lemploi\/","title":{"rendered":"De nouveaux locaux pour Cible Retour \u00e0 l\u2019emploi"},"content":{"rendered":"<p><span id=\"artObjectWrap\" class=\"art-object art-mainimage\"><a><em>(Photo:tc Media \u2013 Christine Emond )<\/em><\/a><\/span><\/p>\n<p>Les derni\u00e8res nouvelles du journal Le Messager Verdun<\/p>\n<div id=\"testArtCol_a\" class=\"art-layout-a-2x\">\n<p>EMPLOI. Les organismes communautaires manquent de visibilit\u00e9 et de cr\u00e9dibilit\u00e9 \u00e0 Verdun. C\u2019est le constat qu\u2019a fait le directeur g\u00e9n\u00e9ral de Cible Retour \u00e0 l\u2019emploi avant de d\u00e9cider de d\u00e9m\u00e9nager son organisation sur la Promenade Wellington pour rem\u00e9dier \u00e0 la situation.<\/p>\n<p><span id=\"artObjectWrap\" class=\"art-object art-mainimage\"><\/span><span class=\"art-imagetext\">Cible Retour Emploi, maintenant d\u00e9m\u00e9nag\u00e9 sur la rue Wellington, dessert la population de Montr\u00e9al et des environs depuis 1995.<\/span>Andr\u00e9 Rousseau souhaite que Cible Retour \u00e0 l\u2019emploi jouisse d\u2019une certaine reconnaissance et qu\u2019il ne soit plus class\u00e9 dans la cat\u00e9gorie \u00absoussol d\u2019\u00e9glise\u00bb.<\/p>\n<\/div>\n<div class=\"art-layout-a-2x\">\n<p>Il a pu constater au fil du temps que certaines compagnies et autres organismes ne les prenaient pas au s\u00e9rieux.<\/p>\n<p>\u00abNous esp\u00e9rons montrer que nous sommes parties prenantes dans l\u2019aide \u00e0 apporter \u00e0 la population\u00bb, mentionne M. Rousseau. Selon lui, tout doit \u00eatre li\u00e9, la recherche d\u2019emploi, le logement, l\u2019\u00e9ducation et tout ce qui fait en sorte qu\u2019une personne puisse s\u2019\u00e9panouir.<\/p>\n<\/div>\n<div id=\"testArtCol_b\" class=\"art-layout-b-2x\">\n<p>Son \u00e9quipe s\u2019est donc install\u00e9e dans les locaux au-dessus de la Librairie de Verdun, fra\u00eechement r\u00e9nov\u00e9s au design moderne, dans ce qui \u00e9tait auparavant un garage reconverti en \u00e9glise.<\/p>\n<p>\u00abNous voulions que nos bureaux soient situ\u00e9s sur Wellington pour qu\u2019ils soient plus accessibles\u00bb, explique celui qui est \u00e0 la t\u00eate de l\u2019organisme depuis une quinzaine d\u2019ann\u00e9es.<\/p>\n<p>SERVICES<\/p>\n<p>Plus de 3000 personnes se sont rendues dans leurs bureaux du boulevard Lasalle l\u2019an dernier, et M. Rousseau esp\u00e8re attirer une nouvelle client\u00e8le gr\u00e2ce \u00e0 leur d\u00e9m\u00e9nagement. Les conseillers disposent d\u00e9sormais d\u2019une grande salle de formation, et leurs bureaux vitr\u00e9s maintenant baign\u00e9s de la lumi\u00e8re naturelle permettent tout de m\u00eame de conserver l\u2019intimit\u00e9 dont les clients ont besoin dans leurs d\u00e9marches.<\/p>\n<p>Trois programmes sont propos\u00e9s, dont les services de transition de carri\u00e8re qui s\u2019adressent aux travailleurs autonomes en culture qui souhaitent entreprendre une r\u00e9orientation professionnelle ainsi que l\u2019aide \u00e0 la recherche visant notamment la connaissance de soi.<\/p>\n<\/div>\n","protected":false},"excerpt":{"rendered":"<p>(Photo:tc Media \u2013 Christine Emond ) Les derni\u00e8res nouvelles du journal Le Messager Verdun EMPLOI. Les organismes communautaires manquent de visibilit\u00e9 et de cr\u00e9dibilit\u00e9 \u00e0 Verdun. C\u2019est le constat qu\u2019a fait le directeur g\u00e9n\u00e9ral de Cible Retour \u00e0 l\u2019emploi avant de d\u00e9cider de d\u00e9m\u00e9nager son organisation sur la Promenade Wellington pour rem\u00e9dier \u00e0 la situation. [&hellip;]<\/p>\n","protected":false},"author":1,"featured_media":77,"comment_status":"closed","ping_status":"closed","sticky":false,"template":"","format":"standard","meta":{"footnotes":""},"categories":[7],"tags":[],"class_list":["post-76","post","type-post","status-publish","format-standard","has-post-thumbnail","hentry","category-selected-news"],"_links":{"self":[{"href":"https:\/\/villageafricain-maah.org\/en\/wp-json\/wp\/v2\/posts\/76","targetHints":{"allow":["GET"]}}],"collection":[{"href":"https:\/\/villageafricain-maah.org\/en\/wp-json\/wp\/v2\/posts"}],"about":[{"href":"https:\/\/villageafricain-maah.org\/en\/wp-json\/wp\/v2\/types\/post"}],"author":[{"embeddable":true,"href":"https:\/\/villageafricain-maah.org\/en\/wp-json\/wp\/v2\/users\/1"}],"replies":[{"embeddable":true,"href":"https:\/\/villageafricain-maah.org\/en\/wp-json\/wp\/v2\/comments?post=76"}],"version-history":[{"count":2,"href":"https:\/\/villageafricain-maah.org\/en\/wp-json\/wp\/v2\/posts\/76\/revisions"}],"predecessor-version":[{"id":124,"href":"https:\/\/villageafricain-maah.org\/en\/wp-json\/wp\/v2\/posts\/76\/revisions\/124"}],"wp:featuredmedia":[{"embeddable":true,"href":"https:\/\/villageafricain-maah.org\/en\/wp-json\/wp\/v2\/media\/77"}],"wp:attachment":[{"href":"https:\/\/villageafricain-maah.org\/en\/wp-json\/wp\/v2\/media?parent=76"}],"wp:term":[{"taxonomy":"category","embeddable":true,"href":"https:\/\/villageafricain-maah.org\/en\/wp-json\/wp\/v2\/categories?post=76"},{"taxonomy":"post_tag","embeddable":true,"href":"https:\/\/villageafricain-maah.org\/en\/wp-json\/wp\/v2\/tags?post=76"}],"curies":[{"name":"wp","href":"https:\/\/api.w.org\/{rel}","templated":true}]}}